{"id":11,"date":"2026-08-22T23:15:14","date_gmt":"2026-08-22T23:15:14","guid":{"rendered":"https:\/\/drpsiq.com.br\/blog\/?p=11"},"modified":"2026-08-25T21:11:46","modified_gmt":"2026-08-25T21:11:46","slug":"depressao-mitos-e-verdades","status":"publish","type":"post","link":"https:\/\/drpsiq.com.br\/blog\/depressao-mitos-e-verdades\/","title":{"rendered":"Depress\u00e3o: mitos e verdades que todo mundo deveria conhecer"},"content":{"rendered":"\n<p class=\"wp-block-paragraph\">Depress\u00e3o \u00e9 um transtorno mental caracterizado por tristeza persistente, perda de interesse e queda de energia por pelo menos duas semanas \u2014 n\u00e3o \u00e9 sin\u00f4nimo de tristeza passageira, como o senso comum \u00e0s vezes sugere.<\/p>\n\n\n\n<h2 class=\"wp-block-heading\">Mito: depress\u00e3o \u00e9 s\u00f3 tristeza ou frescura<\/h2>\n\n\n\n<p class=\"wp-block-paragraph\">Depress\u00e3o \u00e9 um transtorno m\u00e9dico real, com altera\u00e7\u00f5es no funcionamento cerebral, e n\u00e3o uma fraqueza de car\u00e1ter ou falta de for\u00e7a de vontade. N\u00e3o \u00e9 algo que a pessoa consegue resolver &#8220;s\u00f3 pensando positivo&#8221;.<\/p>\n\n\n\n<h2 class=\"wp-block-heading\">Mito: quem tem depress\u00e3o est\u00e1 sempre triste<\/h2>\n\n\n\n<p class=\"wp-block-paragraph\">Muitas pessoas com depress\u00e3o mantem a rotina, sorriem em fotos e parecem bem para quem est\u00e1 de fora. Sintomas como perda de interesse, cansa\u00e7o constante, altera\u00e7\u00f5es no sono e no apetite podem estar escondidos atras de uma apar\u00eancia normal.<\/p>\n\n\n\n<h2 class=\"wp-block-heading\">Verdade: depress\u00e3o tem tratamento eficaz<\/h2>\n\n\n\n<p class=\"wp-block-paragraph\">Com acompanhamento psiqui\u00e1trico, psicoterapia e, quando indicado, uso de medica\u00e7\u00e3o, a grande maioria dos casos de depress\u00e3o apresenta melhora significativa. O primeiro passo \u00e9 procurar avalia\u00e7\u00e3o profissional &#8211; a equipe do Dr Psiq, com o Dr. Gabriel Alencar, est\u00e1 dispon\u00edvel para esse acompanhamento. Este conte\u00fado tem car\u00e1ter informativo e n\u00e3o substitui uma consulta m\u00e9dica.<\/p>\n\n\n\n<h2 class=\"wp-block-heading\">Perguntas frequentes<\/h2>\n\n\n<div id=\"rank-math-faq\" class=\"rank-math-block\">\n<div class=\"rank-math-list \">\n<div id=\"faq-question-1787690347567\" class=\"rank-math-list-item\">\n<h3 class=\"rank-math-question \">Depress\u00e3o \u00e9 s\u00f3 tristeza ou frescura?<\/h3>\n<div class=\"rank-math-answer \">\n\n<p>N\u00e3o. \u00c9 um transtorno m\u00e9dico reconhecido, com altera\u00e7\u00f5es mensur\u00e1veis no funcionamento cerebral, que vai al\u00e9m da tristeza \u2014 inclui perda de energia, altera\u00e7\u00f5es de sono e apetite e dificuldade de concentra\u00e7\u00e3o.<\/p>\n\n<\/div>\n<\/div>\n<div id=\"faq-question-1787690385193\" class=\"rank-math-list-item\">\n<h3 class=\"rank-math-question \">Quem tem depress\u00e3o est\u00e1 sempre triste?<\/h3>\n<div class=\"rank-math-answer \">\n\n<p>N\u00e3o necessariamente. Muitas pessoas relatam mais falta de energia, perda de prazer (anedonia) ou irritabilidade do que tristeza expl\u00edcita \u2014 por isso o quadro costuma ser subdiagnosticado.<\/p>\n\n<\/div>\n<\/div>\n<div id=\"faq-question-1787690429530\" class=\"rank-math-list-item\">\n<h3 class=\"rank-math-question \">Depress\u00e3o tem tratamento eficaz?<\/h3>\n<div class=\"rank-math-answer \">\n\n<p>Sim. A combina\u00e7\u00e3o de psicoterapia e, quando indicado, antidepressivos tem alta taxa de resposta \u2014 a maioria dos pacientes apresenta melhora significativa com o tratamento adequado.<\/p>\n\n<\/div>\n<\/div>\n<div id=\"faq-question-1787690464534\" class=\"rank-math-list-item\">\n<h3 class=\"rank-math-question \">Depress\u00e3o passa sozinha com o tempo?<\/h3>\n<div class=\"rank-math-answer \">\n\n<p>Epis\u00f3dios leves podem ter remiss\u00e3o espont\u00e2nea, mas sem tratamento o risco de reca\u00edda e cronifica\u00e7\u00e3o \u00e9 alto \u2014 por isso vale buscar avalia\u00e7\u00e3o assim que os sintomas persistem por mais de duas semanas.<\/p>\n\n<\/div>\n<\/div>\n<\/div>\n<\/div>\n\n\n<h2 class=\"wp-block-heading\">Sobre o autor<\/h2>\n\n\n\n<p class=\"wp-block-paragraph\">Este conte\u00fado foi escrito pela <strong>equipe m\u00e9dica da Dr Psiq<\/strong>, cl\u00ednica de psiquiatria e psicologia 100% online. A Dr Psiq foi fundada pelo <strong>Dr. Gabriel Alencar<\/strong>, m\u00e9dico com resid\u00eancia m\u00e9dica em Psiquiatria pelo Hospital Juliano Moreira, refer\u00eancia em Psiquiatria no estado da Bahia (CRM 206495\/SP | RQE 80126\/SP), e conta com uma equipe de profissionais especializados em psiquiatria e psicologia. Acompanhe tamb\u00e9m no Instagram <a href=\"https:\/\/www.instagram.com\/dr_psiq\/\" target=\"_blank\" rel=\"noopener\">@dr_psiq<\/a>.<\/p>\n\n\n\n<hr class=\"wp-block-separator has-alpha-channel-opacity\"\/>\n\n\n\n<h2 class=\"wp-block-heading\">Cuide da sua sa\u00fade mental com a Cl\u00ednica Dr Psiq<\/h2>\n\n\n\n<p class=\"wp-block-paragraph\">Se voc\u00ea se identificou com este conte\u00fado, o pr\u00f3ximo passo e conversar com um especialista. A Cl\u00ednica Dr Psiq, liderada pelo Dr. Gabriel Alencar, oferece consultas de psiquiatria e psicologia 100% online, com hor\u00e1rios flex\u00edveis e atendimento humanizado.<\/p>\n\n\n\n<div class=\"wp-block-buttons is-layout-flex wp-block-buttons-is-layout-flex\">\n<div class=\"wp-block-button\"><a class=\"wp-block-button__link wp-element-button\" href=\"https:\/\/drpsiq.com.br\/#agendamento\">Agendar minha consulta<\/a><\/div>\n\n\n\n<div class=\"wp-block-button\"><a class=\"wp-block-button__link has-vivid-green-cyan-background-color has-background wp-element-button\" href=\"https:\/\/wa.me\/5511913290234?text=Ol%C3%A1!%20Vim%20do%20blog%20e%20gostaria%20de%20agendar%20uma%20consulta%20com%20a%20Dr.%20Psiq.\" target=\"_blank\" rel=\"noopener\">Falar no WhatsApp<\/a><\/div>\n<\/div>\n","protected":false},"excerpt":{"rendered":"<p>Depress\u00e3o \u00e9 um transtorno mental caracterizado por tristeza persistente, perda de interesse e queda de energia por pelo menos duas semanas \u2014 n\u00e3o \u00e9 sin\u00f4nimo de tristeza passageira, como o senso comum \u00e0s vezes sugere. Mito: depress\u00e3o \u00e9 s\u00f3 tristeza ou frescura Depress\u00e3o \u00e9 um transtorno m\u00e9dico real, com altera\u00e7\u00f5es no funcionamento cerebral, e n\u00e3o [&hellip;]<\/p>\n","protected":false},"author":1,"featured_media":55,"comment_status":"open","ping_status":"open","sticky":false,"template":"","format":"standard","meta":{"footnotes":""},"categories":[1],"tags":[],"class_list":["post-11","post","type-post","status-publish","format-standard","has-post-thumbnail","hentry","category-blog"],"_links":{"self":[{"href":"https:\/\/drpsiq.com.br\/blog\/wp-json\/wp\/v2\/posts\/11","targetHints":{"allow":["GET"]}}],"collection":[{"href":"https:\/\/drpsiq.com.br\/blog\/wp-json\/wp\/v2\/posts"}],"about":[{"href":"https:\/\/drpsiq.com.br\/blog\/wp-json\/wp\/v2\/types\/post"}],"author":[{"embeddable":true,"href":"https:\/\/drpsiq.com.br\/blog\/wp-json\/wp\/v2\/users\/1"}],"replies":[{"embeddable":true,"href":"https:\/\/drpsiq.com.br\/blog\/wp-json\/wp\/v2\/comments?post=11"}],"version-history":[{"count":10,"href":"https:\/\/drpsiq.com.br\/blog\/wp-json\/wp\/v2\/posts\/11\/revisions"}],"predecessor-version":[{"id":105,"href":"https:\/\/drpsiq.com.br\/blog\/wp-json\/wp\/v2\/posts\/11\/revisions\/105"}],"wp:featuredmedia":[{"embeddable":true,"href":"https:\/\/drpsiq.com.br\/blog\/wp-json\/wp\/v2\/media\/55"}],"wp:attachment":[{"href":"https:\/\/drpsiq.com.br\/blog\/wp-json\/wp\/v2\/media?parent=11"}],"wp:term":[{"taxonomy":"category","embeddable":true,"href":"https:\/\/drpsiq.com.br\/blog\/wp-json\/wp\/v2\/categories?post=11"},{"taxonomy":"post_tag","embeddable":true,"href":"https:\/\/drpsiq.com.br\/blog\/wp-json\/wp\/v2\/tags?post=11"}],"curies":[{"name":"wp","href":"https:\/\/api.w.org\/{rel}","templated":true}]}}