{"id":57,"date":"2026-08-23T15:21:57","date_gmt":"2026-08-23T15:21:57","guid":{"rendered":"https:\/\/drpsiq.com.br\/blog\/saude-mental-corporativa-por-que-as-empresas-devem-investir-no-bem-estar-emocional-dos-colaboradores\/"},"modified":"2026-08-25T21:12:32","modified_gmt":"2026-08-25T21:12:32","slug":"saude-mental-corporativa-por-que-as-empresas-devem-investir-no-bem-estar-emocional-dos-colaboradores","status":"publish","type":"post","link":"https:\/\/drpsiq.com.br\/blog\/saude-mental-corporativa-por-que-as-empresas-devem-investir-no-bem-estar-emocional-dos-colaboradores\/","title":{"rendered":"Sa\u00fade mental corporativa: por que as empresas devem investir no bem-estar emocional dos colaboradores"},"content":{"rendered":"\n<p class=\"wp-block-paragraph\">Sa\u00fade mental corporativa \u00e9 o conjunto de pol\u00edticas e pr\u00e1ticas que uma empresa adota para prevenir o adoecimento ps\u00edquico dos colaboradores e apoiar quem j\u00e1 enfrenta um transtorno \u2014 indo al\u00e9m de benef\u00edcios pontuais como plano de sa\u00fade.<\/p>\n\n\n\n<h2 class=\"wp-block-heading\">Por que a sa\u00fade mental corporativa importa<\/h2>\n\n\n\n<p class=\"wp-block-paragraph\">Ambientes de trabalho com alta cobran\u00e7a, metas agressivas e pouca flexibilidade favorecem o surgimento de burnout, ansiedade e depress\u00e3o. Esses quadros afetam diretamente a concentra\u00e7\u00e3o, a criatividade e a capacidade de tomar decis\u00f5es, gerando afastamentos, aumento do turnover e queda na produtividade. Empresas que investem em programas de sa\u00fade mental corporativa observam redu\u00e7\u00e3o no absente\u00edsmo e ganhos reais em engajamento.<\/p>\n\n\n\n<ul class=\"wp-block-list\">\n<li>Redu\u00e7\u00e3o de afastamentos por transtornos psiqui\u00e1tricos<\/li>\n\n\n\n<li>Maior engajamento e produtividade das equipes<\/li>\n\n\n\n<li>Melhora no clima organizacional e na reten\u00e7\u00e3o de talentos<\/li>\n\n\n\n<li>Fortalecimento da marca empregadora<\/li>\n<\/ul>\n\n\n\n<h2 class=\"wp-block-heading\">Sinais de alerta que as lideran\u00e7as devem observar<\/h2>\n\n\n\n<p class=\"wp-block-paragraph\">Quedas repentinas de desempenho, isolamento social, irritabilidade constante, faltas frequentes e queixas f\u00edsicas recorrentes (como dores de cabe\u00e7a e ins\u00f4nia) podem indicar que um colaborador est\u00e1 enfrentando dificuldades emocionais. Reconhecer esses sinais precocemente permite que a empresa ofere\u00e7a apoio antes que o quadro se agrave e resulte em afastamento prolongado.<\/p>\n\n\n\n<h2 class=\"wp-block-heading\">Como estruturar um programa de sa\u00fade mental corporativa<\/h2>\n\n\n\n<p class=\"wp-block-paragraph\">Um programa eficaz combina preven\u00e7\u00e3o, acolhimento e tratamento especializado. Isso inclui treinamento de lideran\u00e7as para identificar sinais de sofrimento ps\u00edquico, canais de escuta confidenciais, campanhas de conscientiza\u00e7\u00e3o e, principalmente, acesso facilitado a atendimento psiqui\u00e1trico e psicol\u00f3gico qualificado. A Dr Psiq oferece consultoria e atendimento corporativo 100% online, com psiquiatras e psic\u00f3logos especializados, facilitando o acesso ao cuidado sem burocracia e com total sigilo.<\/p>\n\n\n\n<p class=\"wp-block-paragraph\">Investir na sa\u00fade mental dos colaboradores \u00e9 investir na sustentabilidade do neg\u00f3cio. Empresas que tratam esse tema com seriedade colhem resultados concretos em produtividade, reputa\u00e7\u00e3o e reten\u00e7\u00e3o de talentos.<\/p>\n\n\n\n<h2 class=\"wp-block-heading\">Perguntas frequentes<\/h2>\n\n\n<div id=\"rank-math-faq\" class=\"rank-math-block\">\n<div class=\"rank-math-list \">\n<div id=\"faq-question-1787690598730\" class=\"rank-math-list-item\">\n<h3 class=\"rank-math-question \">Por que investir em sa\u00fade mental no ambiente de trabalho?<\/h3>\n<div class=\"rank-math-answer \">\n\n<p>Segundo a Organiza\u00e7\u00e3o Mundial da Sa\u00fade, depress\u00e3o e ansiedade custam \u00e0 economia global cerca de US$ 1 trilh\u00e3o por ano em perda de produtividade \u2014 investir em preven\u00e7\u00e3o reduz afastamentos e turnover.<\/p>\n\n<\/div>\n<\/div>\n<div id=\"faq-question-1787690638051\" class=\"rank-math-list-item\">\n<h3 class=\"rank-math-question \">Quais a\u00e7\u00f5es uma empresa pode adotar para a sa\u00fade mental dos colaboradores?<\/h3>\n<div class=\"rank-math-answer \">\n\n<p>Programas de apoio psicol\u00f3gico, treinamento de lideran\u00e7as para identificar sinais de esgotamento, carga de trabalho razo\u00e1vel e acesso facilitado a consulta psiqui\u00e1trica e psicol\u00f3gica.<\/p>\n\n<\/div>\n<\/div>\n<div id=\"faq-question-1787690678990\" class=\"rank-math-list-item\">\n<h3 class=\"rank-math-question \">Sa\u00fade mental corporativa virou obriga\u00e7\u00e3o legal da empresa?<\/h3>\n<div class=\"rank-math-answer \">\n\n<p>A atualiza\u00e7\u00e3o da NR-1 passou a exigir que empresas identifiquem e gerenciem riscos psicossociais no ambiente de trabalho como parte da gest\u00e3o de seguran\u00e7a ocupacional. Como normas regulamentadoras mudam de calend\u00e1rio com frequ\u00eancia, vale confirmar o prazo de exigibilidade vigente com um profissional especializado.<\/p>\n\n<\/div>\n<\/div>\n<\/div>\n<\/div>\n\n\n<h2 class=\"wp-block-heading\">Sobre o autor<\/h2>\n\n\n\n<p class=\"wp-block-paragraph\">Este conte\u00fado foi escrito pela <strong>equipe m\u00e9dica da Dr Psiq<\/strong>, cl\u00ednica de psiquiatria e psicologia 100% online. A Dr Psiq foi fundada pelo <strong>Dr. Gabriel Alencar<\/strong>, m\u00e9dico com resid\u00eancia m\u00e9dica em Psiquiatria pelo Hospital Juliano Moreira, refer\u00eancia em Psiquiatria no estado da Bahia (CRM 206495\/SP | RQE 80126\/SP), e conta com uma equipe de profissionais especializados em psiquiatria e psicologia. Acompanhe tamb\u00e9m no Instagram <a href=\"https:\/\/www.instagram.com\/dr_psiq\/\" target=\"_blank\" rel=\"noopener\">@dr_psiq<\/a>.<\/p>\n\n\n\n<hr class=\"wp-block-separator has-alpha-channel-opacity\"\/>\n\n\n\n<h2 class=\"wp-block-heading\">Cuide da sua sa\u00fade mental com a Cl\u00ednica Dr Psiq<\/h2>\n\n\n\n<p class=\"wp-block-paragraph\">Se voc\u00ea se identificou com este conte\u00fado, o pr\u00f3ximo passo \u00e9 conversar com um especialista. A Cl\u00ednica Dr Psiq, liderada pelo Dr. Gabriel Alencar, oferece consultas de psiquiatria e psicologia 100% online, com hor\u00e1rios flex\u00edveis e atendimento humanizado.<\/p>\n\n\n\n<div class=\"wp-block-buttons is-layout-flex wp-block-buttons-is-layout-flex\">\n<div class=\"wp-block-button\"><a class=\"wp-block-button__link wp-element-button\" href=\"https:\/\/drpsiq.com.br\/#agendamento\">Agendar minha consulta<\/a><\/div>\n\n\n\n<div class=\"wp-block-button\"><a class=\"wp-block-button__link has-vivid-green-cyan-background-color has-background wp-element-button\" href=\"https:\/\/wa.me\/5511913290234\" target=\"_blank\" rel=\"noopener\">Falar no WhatsApp<\/a><\/div>\n<\/div>\n","protected":false},"excerpt":{"rendered":"<p>Sa\u00fade mental corporativa \u00e9 o conjunto de pol\u00edticas e pr\u00e1ticas que uma empresa adota para prevenir o adoecimento ps\u00edquico dos colaboradores e apoiar quem j\u00e1 enfrenta um transtorno \u2014 indo al\u00e9m de benef\u00edcios pontuais como plano de sa\u00fade. Por que a sa\u00fade mental corporativa importa Ambientes de trabalho com alta cobran\u00e7a, metas agressivas e pouca [&hellip;]<\/p>\n","protected":false},"author":1,"featured_media":58,"comment_status":"open","ping_status":"open","sticky":false,"template":"","format":"standard","meta":{"footnotes":""},"categories":[12],"tags":[],"class_list":["post-57","post","type-post","status-publish","format-standard","has-post-thumbnail","hentry","category-saude-corporativa"],"_links":{"self":[{"href":"https:\/\/drpsiq.com.br\/blog\/wp-json\/wp\/v2\/posts\/57","targetHints":{"allow":["GET"]}}],"collection":[{"href":"https:\/\/drpsiq.com.br\/blog\/wp-json\/wp\/v2\/posts"}],"about":[{"href":"https:\/\/drpsiq.com.br\/blog\/wp-json\/wp\/v2\/types\/post"}],"author":[{"embeddable":true,"href":"https:\/\/drpsiq.com.br\/blog\/wp-json\/wp\/v2\/users\/1"}],"replies":[{"embeddable":true,"href":"https:\/\/drpsiq.com.br\/blog\/wp-json\/wp\/v2\/comments?post=57"}],"version-history":[{"count":4,"href":"https:\/\/drpsiq.com.br\/blog\/wp-json\/wp\/v2\/posts\/57\/revisions"}],"predecessor-version":[{"id":106,"href":"https:\/\/drpsiq.com.br\/blog\/wp-json\/wp\/v2\/posts\/57\/revisions\/106"}],"wp:featuredmedia":[{"embeddable":true,"href":"https:\/\/drpsiq.com.br\/blog\/wp-json\/wp\/v2\/media\/58"}],"wp:attachment":[{"href":"https:\/\/drpsiq.com.br\/blog\/wp-json\/wp\/v2\/media?parent=57"}],"wp:term":[{"taxonomy":"category","embeddable":true,"href":"https:\/\/drpsiq.com.br\/blog\/wp-json\/wp\/v2\/categories?post=57"},{"taxonomy":"post_tag","embeddable":true,"href":"https:\/\/drpsiq.com.br\/blog\/wp-json\/wp\/v2\/tags?post=57"}],"curies":[{"name":"wp","href":"https:\/\/api.w.org\/{rel}","templated":true}]}}