{"id":60,"date":"2026-08-23T15:22:30","date_gmt":"2026-08-23T15:22:30","guid":{"rendered":"https:\/\/drpsiq.com.br\/blog\/pericia-psiquiatrica-e-assistencia-tecnica-judicial-como-a-psiquiatria-atua-no-meio-juridico\/"},"modified":"2026-08-25T21:10:57","modified_gmt":"2026-08-25T21:10:57","slug":"pericia-psiquiatrica-e-assistencia-tecnica-judicial-como-a-psiquiatria-atua-no-meio-juridico","status":"publish","type":"post","link":"https:\/\/drpsiq.com.br\/blog\/pericia-psiquiatrica-e-assistencia-tecnica-judicial-como-a-psiquiatria-atua-no-meio-juridico\/","title":{"rendered":"Per\u00edcia psiqui\u00e1trica e assist\u00eancia t\u00e9cnica judicial: como a psiquiatria atua no meio jur\u00eddico"},"content":{"rendered":"\n<p class=\"wp-block-paragraph\">Per\u00edcia psiqui\u00e1trica \u00e9 a avalia\u00e7\u00e3o t\u00e9cnica feita por um m\u00e9dico psiquiatra a pedido da Justi\u00e7a, para esclarecer quest\u00f5es de sa\u00fade mental dentro de um processo judicial ou administrativo.<\/p>\n\n\n\n<h2 class=\"wp-block-heading\">O que \u00e9 a per\u00edcia psiqui\u00e1trica<\/h2>\n\n\n\n<p class=\"wp-block-paragraph\">A per\u00edcia psiqui\u00e1trica \u00e9 uma avalia\u00e7\u00e3o t\u00e9cnica realizada por um m\u00e9dico psiquiatra para esclarecer quest\u00f5es relacionadas \u00e0 capacidade mental, \u00e0 imputabilidade penal, \u00e0 concess\u00e3o de benef\u00edcios previdenci\u00e1rios por incapacidade, a processos de interdi\u00e7\u00e3o e curatela, entre outras demandas jur\u00eddicas. O laudo produzido serve como prova t\u00e9cnica e auxilia magistrados a tomarem decis\u00f5es mais justas e fundamentadas.<\/p>\n\n\n\n<h2 class=\"wp-block-heading\">O que \u00e9 a assist\u00eancia t\u00e9cnica judicial<\/h2>\n\n\n\n<p class=\"wp-block-paragraph\">Diferente da per\u00edcia oficial (nomeada pelo ju\u00edzo), a assist\u00eancia t\u00e9cnica judicial \u00e9 o suporte prestado por um perito assistente indicado por uma das partes do processo. Esse profissional analisa o laudo pericial oficial, pode apontar inconsist\u00eancias t\u00e9cnicas, elaborar pareceres complementares e at\u00e9 acompanhar a per\u00edcia, garantindo que os aspectos m\u00e9dicos e cient\u00edficos sejam corretamente interpretados no processo.<\/p>\n\n\n\n<ul class=\"wp-block-list\">\n<li>Processos de interdi\u00e7\u00e3o e curatela<\/li>\n\n\n\n<li>Avalia\u00e7\u00e3o de capacidade civil e imputabilidade penal<\/li>\n\n\n\n<li>Benef\u00edcios previdenci\u00e1rios por incapacidade (INSS)<\/li>\n\n\n\n<li>Processos trabalhistas envolvendo sa\u00fade mental<\/li>\n\n\n\n<li>Casos de guarda e direito de fam\u00edlia com quest\u00f5es psiqui\u00e1tricas<\/li>\n<\/ul>\n\n\n\n<h2 class=\"wp-block-heading\">Por que contar com um psiquiatra especializado<\/h2>\n\n\n\n<p class=\"wp-block-paragraph\">A avalia\u00e7\u00e3o psiqui\u00e1trica forense exige conhecimento t\u00e9cnico espec\u00edfico, que vai al\u00e9m da pr\u00e1tica cl\u00ednica tradicional. \u00c9 preciso dominar conceitos de psiquiatria legal, metodologia pericial e a linguagem jur\u00eddica para que o laudo seja claro, tecnicamente s\u00f3lido e \u00fatil ao processo. Contar com um profissional experiente nessa \u00e1rea evita interpreta\u00e7\u00f5es equivocadas e fortalece a defesa dos interesses da parte assistida.<\/p>\n\n\n\n<hr class=\"wp-block-separator has-alpha-channel-opacity\"\/>\n\n\n\n<h2 class=\"wp-block-heading\">Assist\u00eancia t\u00e9cnica judicial em psiquiatria: a atua\u00e7\u00e3o do Dr. Gabriel Alencar<\/h2>\n\n\n\n<figure class=\"wp-block-image alignright is-resized\"><img decoding=\"async\" src=\"https:\/\/drpsiq.com.br\/blog\/wp-content\/uploads\/2026\/08\/image.jpg\" alt=\"Dr. Gabriel Alencar, m\u00e9dico psiquiatra especialista em assist\u00eancia t\u00e9cnica judicial\" style=\"width:260px;height:auto\"\/><\/figure>\n\n\n\n<p class=\"wp-block-paragraph\"><strong>Dr. Gabriel Alencar<\/strong> (CRM 26998\/BA | RQE 17839, com registro tamb\u00e9m no CRM 206495\/SP | RQE 80126\/SP) \u00e9 m\u00e9dico psiquiatra e atua h\u00e1 mais de 10 anos prestando assist\u00eancia t\u00e9cnica judicial em processos que envolvem sa\u00fade mental no ambiente de trabalho. Sua experi\u00eancia \u00e9 ainda mais s\u00f3lida por j\u00e1 ter atuado tamb\u00e9m como perito nomeado pela Justi\u00e7a, o que lhe deu uma vis\u00e3o completa de como um laudo pericial \u00e9 elaborado, questionado e avaliado \u2014 conhecimento que hoje aplica em favor de quem o contrata.<\/p>\n\n\n\n<p class=\"wp-block-paragraph\">Como assistente t\u00e9cnico judicial, o Dr. Gabriel atua em processos trabalhistas auxiliando diretamente advogados, tanto na <strong>defesa de empresas<\/strong> quanto na <strong>defesa de trabalhadores<\/strong> que alegam preju\u00edzos ps\u00edquicos relacionados ao trabalho, como burnout, ass\u00e9dio moral e depress\u00e3o. Seu papel \u00e9 oferecer embasamento t\u00e9cnico e cient\u00edfico para que o processo caminhe com mais clareza e justi\u00e7a, seja sustentando o pedido do trabalhador, seja contestando laudos periciais quando necess\u00e1rio.<\/p>\n\n\n\n<h3 class=\"wp-block-heading\">Como funciona a assist\u00eancia t\u00e9cnica judicial<\/h3>\n\n\n\n<p class=\"wp-block-paragraph\">Diferente do perito, que \u00e9 nomeado pelo juiz e deve manter uma posi\u00e7\u00e3o neutra, o assistente t\u00e9cnico \u00e9 indicado por uma das partes do processo para acompanhar e qualificar tecnicamente a discuss\u00e3o. O trabalho do Dr. Gabriel Alencar como assistente t\u00e9cnico judicial inclui:<\/p>\n\n\n\n<ul class=\"wp-block-list\">\n<li>An\u00e1lise detalhada de documentos e prontu\u00e1rios m\u00e9dicos<\/li>\n\n\n\n<li>Elabora\u00e7\u00e3o de parecer t\u00e9cnico fundamentado<\/li>\n\n\n\n<li>Apoio \u00e0 equipe jur\u00eddica na formula\u00e7\u00e3o de quesitos periciais<\/li>\n\n\n\n<li>Presen\u00e7a nas per\u00edcias para sustenta\u00e7\u00e3o t\u00e9cnica dos argumentos<\/li>\n<\/ul>\n\n\n\n<p class=\"wp-block-paragraph\">O objetivo \u00e9 sempre o mesmo: contribuir para decis\u00f5es mais justas, com base em crit\u00e9rios cl\u00ednicos e cient\u00edficos s\u00f3lidos \u2014 seja voc\u00ea uma empresa que precisa contestar um laudo, seja um trabalhador que precisa comprovar o nexo entre sua condi\u00e7\u00e3o ps\u00edquica e o ambiente de trabalho.<\/p>\n\n\n\n<p class=\"wp-block-paragraph\">Perguntas frequentes<\/p>\n\n\n<div id=\"rank-math-faq\" class=\"rank-math-block\">\n<div class=\"rank-math-list \">\n<div id=\"faq-question-1787690076983\" class=\"rank-math-list-item\">\n<h3 class=\"rank-math-question \">O que \u00e9 assist\u00eancia t\u00e9cnica judicial em psiquiatria?<\/h3>\n<div class=\"rank-math-answer \">\n\n<p>\u00c9 quando um psiquiatra \u00e9 contratado por uma das partes do processo \u2014 n\u00e3o pelo juiz \u2014 para acompanhar a per\u00edcia oficial, revisar o laudo pericial e apresentar um parecer t\u00e9cnico pr\u00f3prio.<\/p>\n\n<\/div>\n<\/div>\n<div id=\"faq-question-1787690118822\" class=\"rank-math-list-item\">\n<h3 class=\"rank-math-question \">Quando a Justi\u00e7a solicita per\u00edcia psiqui\u00e1trica?<\/h3>\n<div class=\"rank-math-answer \">\n\n<p>Em pedidos de benef\u00edcio por incapacidade (aux\u00edlio-doen\u00e7a, BPC\/LOAS), disputas trabalhistas envolvendo sa\u00fade mental, processos de interdi\u00e7\u00e3o civil e casos criminais que avaliam imputabilidade.<\/p>\n\n<\/div>\n<\/div>\n<div id=\"faq-question-1787690162561\" class=\"rank-math-list-item\">\n<h3 class=\"rank-math-question \">Qual a diferen\u00e7a entre laudo pericial e parecer t\u00e9cnico?<\/h3>\n<div class=\"rank-math-answer \">\n\n<p>O laudo pericial \u00e9 produzido pelo perito nomeado pelo juiz e tem car\u00e1ter oficial no processo. O parecer t\u00e9cnico \u00e9 elaborado pelo assistente t\u00e9cnico de uma das partes para contestar, complementar ou refor\u00e7ar pontos do laudo oficial.<\/p>\n\n<\/div>\n<\/div>\n<\/div>\n<\/div>\n\n\n<h2 class=\"wp-block-heading\">Sobre o autor<\/h2>\n\n\n\n<p class=\"wp-block-paragraph\">Este conte\u00fado foi escrito pela <strong>equipe m\u00e9dica da Dr Psiq<\/strong>, cl\u00ednica de psiquiatria e psicologia 100% online. A Dr Psiq foi fundada pelo <strong>Dr. Gabriel Alencar<\/strong>, m\u00e9dico com resid\u00eancia m\u00e9dica em Psiquiatria pelo Hospital Juliano Moreira, refer\u00eancia em Psiquiatria no estado da Bahia (CRM 206495\/SP | RQE 80126\/SP), e conta com uma equipe de profissionais especializados em psiquiatria e psicologia. Acompanhe tamb\u00e9m no Instagram <a href=\"https:\/\/www.instagram.com\/dr_psiq\/\" target=\"_blank\" rel=\"noopener\">@dr_psiq<\/a>.<\/p>\n\n\n\n<hr class=\"wp-block-separator has-alpha-channel-opacity\"\/>\n\n\n\n<h2 class=\"wp-block-heading\">Cuide da sua sa\u00fade mental com a Cl\u00ednica Dr Psiq<\/h2>\n\n\n\n<p class=\"wp-block-paragraph\">Se voc\u00ea se identificou com este conte\u00fado, o pr\u00f3ximo passo \u00e9 conversar com um especialista. A Cl\u00ednica Dr Psiq, liderada pelo Dr. Gabriel Alencar, oferece consultas de psiquiatria e psicologia 100% online, com hor\u00e1rios flex\u00edveis e atendimento humanizado.<\/p>\n\n\n\n<div class=\"wp-block-buttons is-layout-flex wp-block-buttons-is-layout-flex\">\n<div class=\"wp-block-button\"><a class=\"wp-block-button__link wp-element-button\" href=\"https:\/\/drpsiq.com.br\/#agendamento\">Agendar minha consulta<\/a><\/div>\n\n\n\n<div class=\"wp-block-button\"><a class=\"wp-block-button__link has-vivid-green-cyan-background-color has-background wp-element-button\" href=\"https:\/\/wa.me\/5511913290234\" target=\"_blank\" rel=\"noopener\">Falar no WhatsApp<\/a><\/div>\n<\/div>\n","protected":false},"excerpt":{"rendered":"<p>Per\u00edcia psiqui\u00e1trica \u00e9 a avalia\u00e7\u00e3o t\u00e9cnica feita por um m\u00e9dico psiquiatra a pedido da Justi\u00e7a, para esclarecer quest\u00f5es de sa\u00fade mental dentro de um processo judicial ou administrativo. O que \u00e9 a per\u00edcia psiqui\u00e1trica A per\u00edcia psiqui\u00e1trica \u00e9 uma avalia\u00e7\u00e3o t\u00e9cnica realizada por um m\u00e9dico psiquiatra para esclarecer quest\u00f5es relacionadas \u00e0 capacidade mental, \u00e0 imputabilidade [&hellip;]<\/p>\n","protected":false},"author":1,"featured_media":61,"comment_status":"open","ping_status":"open","sticky":false,"template":"","format":"standard","meta":{"footnotes":""},"categories":[13],"tags":[],"class_list":["post-60","post","type-post","status-publish","format-standard","has-post-thumbnail","hentry","category-direito-e-psiquiatria"],"_links":{"self":[{"href":"https:\/\/drpsiq.com.br\/blog\/wp-json\/wp\/v2\/posts\/60","targetHints":{"allow":["GET"]}}],"collection":[{"href":"https:\/\/drpsiq.com.br\/blog\/wp-json\/wp\/v2\/posts"}],"about":[{"href":"https:\/\/drpsiq.com.br\/blog\/wp-json\/wp\/v2\/types\/post"}],"author":[{"embeddable":true,"href":"https:\/\/drpsiq.com.br\/blog\/wp-json\/wp\/v2\/users\/1"}],"replies":[{"embeddable":true,"href":"https:\/\/drpsiq.com.br\/blog\/wp-json\/wp\/v2\/comments?post=60"}],"version-history":[{"count":6,"href":"https:\/\/drpsiq.com.br\/blog\/wp-json\/wp\/v2\/posts\/60\/revisions"}],"predecessor-version":[{"id":104,"href":"https:\/\/drpsiq.com.br\/blog\/wp-json\/wp\/v2\/posts\/60\/revisions\/104"}],"wp:featuredmedia":[{"embeddable":true,"href":"https:\/\/drpsiq.com.br\/blog\/wp-json\/wp\/v2\/media\/61"}],"wp:attachment":[{"href":"https:\/\/drpsiq.com.br\/blog\/wp-json\/wp\/v2\/media?parent=60"}],"wp:term":[{"taxonomy":"category","embeddable":true,"href":"https:\/\/drpsiq.com.br\/blog\/wp-json\/wp\/v2\/categories?post=60"},{"taxonomy":"post_tag","embeddable":true,"href":"https:\/\/drpsiq.com.br\/blog\/wp-json\/wp\/v2\/tags?post=60"}],"curies":[{"name":"wp","href":"https:\/\/api.w.org\/{rel}","templated":true}]}}