{"id":63,"date":"2026-08-23T15:22:58","date_gmt":"2026-08-23T15:22:58","guid":{"rendered":"https:\/\/drpsiq.com.br\/blog\/equilibrio-entre-vida-pessoal-e-trabalho-como-proteger-sua-saude-mental-na-rotina\/"},"modified":"2026-08-25T21:14:06","modified_gmt":"2026-08-25T21:14:06","slug":"equilibrio-entre-vida-pessoal-e-trabalho-como-proteger-sua-saude-mental-na-rotina","status":"publish","type":"post","link":"https:\/\/drpsiq.com.br\/blog\/equilibrio-entre-vida-pessoal-e-trabalho-como-proteger-sua-saude-mental-na-rotina\/","title":{"rendered":"Equil\u00edbrio entre vida pessoal e trabalho: como proteger sua sa\u00fade mental na rotina"},"content":{"rendered":"\n<p class=\"wp-block-paragraph\">Equil\u00edbrio entre vida pessoal e trabalho \u00e9 a capacidade de distribuir tempo e energia entre as demandas profissionais e a vida pessoal sem que uma comprometa cronicamente a outra \u2014 e sua aus\u00eancia prolongada \u00e9 um dos principais fatores de risco para ansiedade, burnout e depress\u00e3o.<\/p>\n\n\n\n<h2 class=\"wp-block-heading\">Os sinais de que o equil\u00edbrio est\u00e1 comprometido<\/h2>\n\n\n\n<p class=\"wp-block-paragraph\">Cansa\u00e7o constante mesmo ap\u00f3s dormir, irritabilidade, dificuldade de concentra\u00e7\u00e3o, sensa\u00e7\u00e3o de culpa ao descansar e a impress\u00e3o de que o trabalho nunca termina s\u00e3o sinais de que a balan\u00e7a entre vida pessoal e profissional est\u00e1 desequilibrada. Se n\u00e3o for tratado a tempo, esse desgaste pode evoluir para quadros de ansiedade, burnout ou depress\u00e3o.<\/p>\n\n\n\n<h2 class=\"wp-block-heading\">Estrat\u00e9gias pr\u00e1ticas para o dia a dia<\/h2>\n\n\n\n<ul class=\"wp-block-list\">\n<li>Defina hor\u00e1rios claros para come\u00e7ar e terminar o trabalho<\/li>\n\n\n\n<li>Desative notifica\u00e7\u00f5es profissionais fora do expediente<\/li>\n\n\n\n<li>Reserve momentos fixos na semana para lazer, exerc\u00edcio f\u00edsico e conv\u00edvio social<\/li>\n\n\n\n<li>Pratique t\u00e9cnicas de respira\u00e7\u00e3o e mindfulness para reduzir o estresse<\/li>\n\n\n\n<li>Priorize uma rotina de sono regular e de qualidade<\/li>\n<\/ul>\n\n\n\n<h2 class=\"wp-block-heading\">Quando buscar ajuda profissional<\/h2>\n\n\n\n<p class=\"wp-block-paragraph\">Pequenos ajustes de rotina ajudam, mas nem sempre s\u00e3o suficientes. Quando o cansa\u00e7o, a ansiedade ou a tristeza persistem por semanas e afetam o funcionamento di\u00e1rio, \u00e9 importante procurar acompanhamento com um psiquiatra ou psic\u00f3logo. O acompanhamento profissional permite identificar as causas do desequil\u00edbrio e construir, de forma personalizada, estrat\u00e9gias reais de cuidado com a sa\u00fade mental.<\/p>\n\n\n\n<p class=\"wp-block-paragraph\">A Dr Psiq oferece atendimento psiqui\u00e1trico e psicol\u00f3gico 100% online, com hor\u00e1rios flex\u00edveis que se adaptam \u00e0 sua rotina, facilitando o cuidado com o bem-estar emocional sem que isso se torne mais uma fonte de estresse.<\/p>\n\n\n\n<h2 class=\"wp-block-heading\">Perguntas frequentes<\/h2>\n\n\n<div id=\"rank-math-faq\" class=\"rank-math-block\">\n<div class=\"rank-math-list \">\n<div id=\"faq-question-1787691535878\" class=\"rank-math-list-item\">\n<h3 class=\"rank-math-question \">Quais sinais indicam que o trabalho est\u00e1 prejudicando minha sa\u00fade mental?<\/h3>\n<div class=\"rank-math-answer \">\n\n<p>Dificuldade para desligar mentalmente fora do expediente, irritabilidade constante, queda no sono, isolamento social e sensa\u00e7\u00e3o de que o trabalho nunca \u00e9 &#8220;suficiente&#8221; s\u00e3o sinais de alerta comuns.<\/p>\n\n<\/div>\n<\/div>\n<div id=\"faq-question-1787691562790\" class=\"rank-math-list-item\">\n<h3 class=\"rank-math-question \">Como proteger a sa\u00fade mental na rotina de trabalho?<\/h3>\n<div class=\"rank-math-answer \">\n\n<p>Definir limites claros de hor\u00e1rio, reservar tempo para atividades fora do trabalho, buscar apoio social e procurar avalia\u00e7\u00e3o profissional ao primeiro sinal persistente de esgotamento ajudam a prevenir quadros mais graves.<\/p>\n\n<\/div>\n<\/div>\n<\/div>\n<\/div>\n\n\n<h2 class=\"wp-block-heading\">Sobre o autor<\/h2>\n\n\n\n<p class=\"wp-block-paragraph\">Este conte\u00fado foi escrito pela <strong>equipe m\u00e9dica da Dr Psiq<\/strong>, cl\u00ednica de psiquiatria e psicologia 100% online. A Dr Psiq foi fundada pelo <strong>Dr. Gabriel Alencar<\/strong>, m\u00e9dico com resid\u00eancia m\u00e9dica em Psiquiatria pelo Hospital Juliano Moreira, refer\u00eancia em Psiquiatria no estado da Bahia (CRM 206495\/SP | RQE 80126\/SP), e conta com uma equipe de profissionais especializados em psiquiatria e psicologia. Acompanhe tamb\u00e9m no Instagram <a href=\"https:\/\/www.instagram.com\/dr_psiq\/\" target=\"_blank\" rel=\"noopener\">@dr_psiq<\/a>.<\/p>\n\n\n\n<hr class=\"wp-block-separator has-alpha-channel-opacity\"\/>\n\n\n\n<h2 class=\"wp-block-heading\">Cuide da sua sa\u00fade mental com a Cl\u00ednica Dr Psiq<\/h2>\n\n\n\n<p class=\"wp-block-paragraph\">Se voc\u00ea se identificou com este conte\u00fado, o pr\u00f3ximo passo \u00e9 conversar com um especialista. A Cl\u00ednica Dr Psiq, liderada pelo Dr. Gabriel Alencar, oferece consultas de psiquiatria e psicologia 100% online, com hor\u00e1rios flex\u00edveis e atendimento humanizado.<\/p>\n\n\n\n<div class=\"wp-block-buttons is-layout-flex wp-block-buttons-is-layout-flex\">\n<div class=\"wp-block-button\"><a class=\"wp-block-button__link wp-element-button\" href=\"https:\/\/drpsiq.com.br\/#agendamento\">Agendar minha consulta<\/a><\/div>\n\n\n\n<div class=\"wp-block-button\"><a class=\"wp-block-button__link has-vivid-green-cyan-background-color has-background wp-element-button\" href=\"https:\/\/wa.me\/5511913290234\" target=\"_blank\" rel=\"noopener\">Falar no WhatsApp<\/a><\/div>\n<\/div>\n","protected":false},"excerpt":{"rendered":"<p>Equil\u00edbrio entre vida pessoal e trabalho \u00e9 a capacidade de distribuir tempo e energia entre as demandas profissionais e a vida pessoal sem que uma comprometa cronicamente a outra \u2014 e sua aus\u00eancia prolongada \u00e9 um dos principais fatores de risco para ansiedade, burnout e depress\u00e3o. Os sinais de que o equil\u00edbrio est\u00e1 comprometido Cansa\u00e7o [&hellip;]<\/p>\n","protected":false},"author":1,"featured_media":64,"comment_status":"open","ping_status":"open","sticky":false,"template":"","format":"standard","meta":{"footnotes":""},"categories":[14],"tags":[],"class_list":["post-63","post","type-post","status-publish","format-standard","has-post-thumbnail","hentry","category-bem-estar"],"_links":{"self":[{"href":"https:\/\/drpsiq.com.br\/blog\/wp-json\/wp\/v2\/posts\/63","targetHints":{"allow":["GET"]}}],"collection":[{"href":"https:\/\/drpsiq.com.br\/blog\/wp-json\/wp\/v2\/posts"}],"about":[{"href":"https:\/\/drpsiq.com.br\/blog\/wp-json\/wp\/v2\/types\/post"}],"author":[{"embeddable":true,"href":"https:\/\/drpsiq.com.br\/blog\/wp-json\/wp\/v2\/users\/1"}],"replies":[{"embeddable":true,"href":"https:\/\/drpsiq.com.br\/blog\/wp-json\/wp\/v2\/comments?post=63"}],"version-history":[{"count":4,"href":"https:\/\/drpsiq.com.br\/blog\/wp-json\/wp\/v2\/posts\/63\/revisions"}],"predecessor-version":[{"id":108,"href":"https:\/\/drpsiq.com.br\/blog\/wp-json\/wp\/v2\/posts\/63\/revisions\/108"}],"wp:featuredmedia":[{"embeddable":true,"href":"https:\/\/drpsiq.com.br\/blog\/wp-json\/wp\/v2\/media\/64"}],"wp:attachment":[{"href":"https:\/\/drpsiq.com.br\/blog\/wp-json\/wp\/v2\/media?parent=63"}],"wp:term":[{"taxonomy":"category","embeddable":true,"href":"https:\/\/drpsiq.com.br\/blog\/wp-json\/wp\/v2\/categories?post=63"},{"taxonomy":"post_tag","embeddable":true,"href":"https:\/\/drpsiq.com.br\/blog\/wp-json\/wp\/v2\/tags?post=63"}],"curies":[{"name":"wp","href":"https:\/\/api.w.org\/{rel}","templated":true}]}}