{"id":9,"date":"2026-08-22T23:11:55","date_gmt":"2026-08-22T23:11:55","guid":{"rendered":"https:\/\/drpsiq.com.br\/blog\/?p=9"},"modified":"2026-08-25T21:13:15","modified_gmt":"2026-08-25T21:13:15","slug":"insonia-e-saude-mental","status":"publish","type":"post","link":"https:\/\/drpsiq.com.br\/blog\/insonia-e-saude-mental\/","title":{"rendered":"Ins\u00f4nia e sa\u00fade mental: como o sono afeta o seu humor"},"content":{"rendered":"\n<p class=\"wp-block-paragraph\">Ins\u00f4nia \u00e9 a dificuldade persistente para iniciar ou manter o sono, presente pelo menos tr\u00eas noites por semana por um m\u00eas ou mais \u2014 e funciona tanto como sintoma quanto como gatilho de transtornos como ansiedade e depress\u00e3o.<\/p>\n\n\n\n<h2 class=\"wp-block-heading\">A rela\u00e7\u00e3o entre sono e humor<\/h2>\n\n\n\n<p class=\"wp-block-paragraph\">Durante o sono, o c\u00e9rebro processa emo\u00e7\u00f5es e consolida mem\u00f3rias. Quando essa etapa \u00e9 prejudicada pela falta de sono ou por sono de ma qualidade, a regula\u00e7\u00e3o emocional fica comprometida &#8211; o que aumenta a irritabilidade, a dificuldade de concentra\u00e7\u00e3o e a vulnerabilidade a quadros de ansiedade e depress\u00e3o.<\/p>\n\n\n\n<h2 class=\"wp-block-heading\">Sinais de que a ins\u00f4nia pode ser um problema<\/h2>\n\n\n\n<ul class=\"wp-block-list\">\n<li>Demorar mais de 30 minutos para pegar no sono, na maioria das noites<\/li>\n\n\n\n<li>Acordar v\u00e1rias vezes durante a noite<\/li>\n\n\n\n<li>Acordar muito cedo e n\u00e3o conseguir voltar a dormir<\/li>\n\n\n\n<li>Sentir cansa\u00e7o, irritabilidade ou dificuldade de concentra\u00e7\u00e3o durante o dia<\/li>\n<\/ul>\n\n\n\n<h2 class=\"wp-block-heading\">Quando vale a pena buscar ajuda<\/h2>\n\n\n\n<p class=\"wp-block-paragraph\">Quando a dificuldade para dormir persiste por mais de tr\u00eas semanas e j\u00e1 afeta o funcionamento di\u00e1rio, o ideal \u00e9 procurar uma avalia\u00e7\u00e3o psiqui\u00e1trica. Em muitos casos, a ins\u00f4nia \u00e9 sintoma de um quadro emocional de fundo que precisa ser tratado &#8211; e n\u00e3o apenas um problema isolado do sono. A equipe do Dr Psiq, com o Dr. Gabriel Alencar, pode investigar as causas e indicar o tratamento mais adequado. Este texto tem car\u00e1ter informativo e n\u00e3o substitui uma consulta m\u00e9dica.<\/p>\n\n\n\n<h2 class=\"wp-block-heading\">Perguntas frequentes<\/h2>\n\n\n<div id=\"rank-math-faq\" class=\"rank-math-block\">\n<div class=\"rank-math-list \">\n<div id=\"faq-question-1787690823343\" class=\"rank-math-list-item\">\n<h3 class=\"rank-math-question \">Ins\u00f4nia cr\u00f4nica pode ser sintoma de outro transtorno mental?<\/h3>\n<div class=\"rank-math-answer \">\n\n<p>Sim. Ins\u00f4nia persistente costuma aparecer junto com ansiedade, depress\u00e3o e transtorno bipolar, tanto como sintoma quanto como fator que agrava o quadro de base.<\/p>\n\n<\/div>\n<\/div>\n<div id=\"faq-question-1787691186661\" class=\"rank-math-list-item\">\n<h3 class=\"rank-math-question \">Rem\u00e9dio para dormir resolve a ins\u00f4nia?<\/h3>\n<div class=\"rank-math-answer \">\n\n<p>Pode aliviar sintomas no curto prazo, mas raramente resolve a causa \u2014 o tratamento eficaz geralmente combina terapia com investiga\u00e7\u00e3o de transtornos de humor e ansiedade associados.<\/p>\n\n<\/div>\n<\/div>\n<div id=\"faq-question-1787691333722\" class=\"rank-math-list-item\">\n<h3 class=\"rank-math-question \">Quando a ins\u00f4nia deixa de ser passageira e vira motivo de consulta?<\/h3>\n<div class=\"rank-math-answer \">\n\n<p>Quando os epis\u00f3dios ocorrem v\u00e1rias vezes por semana por mais de um m\u00eas e j\u00e1 afetam o humor, a concentra\u00e7\u00e3o ou o desempenho no dia a dia.<\/p>\n\n<\/div>\n<\/div>\n<\/div>\n<\/div>\n\n\n<h2 class=\"wp-block-heading\">Sobre o autor<\/h2>\n\n\n\n<p class=\"wp-block-paragraph\">Este conte\u00fado foi escrito pela <strong>equipe m\u00e9dica da Dr Psiq<\/strong>, cl\u00ednica de psiquiatria e psicologia 100% online. A Dr Psiq foi fundada pelo <strong>Dr. Gabriel Alencar<\/strong>, m\u00e9dico com resid\u00eancia m\u00e9dica em Psiquiatria pelo Hospital Juliano Moreira, refer\u00eancia em Psiquiatria no estado da Bahia (CRM 206495\/SP | RQE 80126\/SP), e conta com uma equipe de profissionais especializados em psiquiatria e psicologia. Acompanhe tamb\u00e9m no Instagram <a href=\"https:\/\/www.instagram.com\/dr_psiq\/\" target=\"_blank\" rel=\"noopener\">@dr_psiq<\/a>.<\/p>\n\n\n\n<hr class=\"wp-block-separator has-alpha-channel-opacity\"\/>\n\n\n\n<h2 class=\"wp-block-heading\">Cuide da sua sa\u00fade mental com a Cl\u00ednica Dr Psiq<\/h2>\n\n\n\n<p class=\"wp-block-paragraph\">Se voc\u00ea se identificou com este conte\u00fado, o pr\u00f3ximo passo e conversar com um especialista. A Cl\u00ednica Dr Psiq, liderada pelo Dr. Gabriel Alencar, oferece consultas de psiquiatria e psicologia 100% online, com hor\u00e1rios flex\u00edveis e atendimento humanizado.<\/p>\n\n\n\n<div class=\"wp-block-buttons is-layout-flex wp-block-buttons-is-layout-flex\">\n<div class=\"wp-block-button\"><a class=\"wp-block-button__link wp-element-button\" href=\"https:\/\/drpsiq.com.br\/#agendamento\">Agendar minha consulta<\/a><\/div>\n\n\n\n<div class=\"wp-block-button\"><a class=\"wp-block-button__link has-vivid-green-cyan-background-color has-background wp-element-button\" href=\"https:\/\/wa.me\/5511913290234?text=Ol%C3%A1!%20Vim%20do%20blog%20e%20gostaria%20de%20agendar%20uma%20consulta%20com%20a%20Dr.%20Psiq.\" target=\"_blank\" rel=\"noopener\">Falar no WhatsApp<\/a><\/div>\n<\/div>\n","protected":false},"excerpt":{"rendered":"<p>Ins\u00f4nia \u00e9 a dificuldade persistente para iniciar ou manter o sono, presente pelo menos tr\u00eas noites por semana por um m\u00eas ou mais \u2014 e funciona tanto como sintoma quanto como gatilho de transtornos como ansiedade e depress\u00e3o. A rela\u00e7\u00e3o entre sono e humor Durante o sono, o c\u00e9rebro processa emo\u00e7\u00f5es e consolida mem\u00f3rias. Quando [&hellip;]<\/p>\n","protected":false},"author":1,"featured_media":54,"comment_status":"open","ping_status":"open","sticky":false,"template":"","format":"standard","meta":{"footnotes":""},"categories":[1],"tags":[],"class_list":["post-9","post","type-post","status-publish","format-standard","has-post-thumbnail","hentry","category-blog"],"_links":{"self":[{"href":"https:\/\/drpsiq.com.br\/blog\/wp-json\/wp\/v2\/posts\/9","targetHints":{"allow":["GET"]}}],"collection":[{"href":"https:\/\/drpsiq.com.br\/blog\/wp-json\/wp\/v2\/posts"}],"about":[{"href":"https:\/\/drpsiq.com.br\/blog\/wp-json\/wp\/v2\/types\/post"}],"author":[{"embeddable":true,"href":"https:\/\/drpsiq.com.br\/blog\/wp-json\/wp\/v2\/users\/1"}],"replies":[{"embeddable":true,"href":"https:\/\/drpsiq.com.br\/blog\/wp-json\/wp\/v2\/comments?post=9"}],"version-history":[{"count":10,"href":"https:\/\/drpsiq.com.br\/blog\/wp-json\/wp\/v2\/posts\/9\/revisions"}],"predecessor-version":[{"id":107,"href":"https:\/\/drpsiq.com.br\/blog\/wp-json\/wp\/v2\/posts\/9\/revisions\/107"}],"wp:featuredmedia":[{"embeddable":true,"href":"https:\/\/drpsiq.com.br\/blog\/wp-json\/wp\/v2\/media\/54"}],"wp:attachment":[{"href":"https:\/\/drpsiq.com.br\/blog\/wp-json\/wp\/v2\/media?parent=9"}],"wp:term":[{"taxonomy":"category","embeddable":true,"href":"https:\/\/drpsiq.com.br\/blog\/wp-json\/wp\/v2\/categories?post=9"},{"taxonomy":"post_tag","embeddable":true,"href":"https:\/\/drpsiq.com.br\/blog\/wp-json\/wp\/v2\/tags?post=9"}],"curies":[{"name":"wp","href":"https:\/\/api.w.org\/{rel}","templated":true}]}}